{"id":11205,"date":"2025-12-06T14:21:19","date_gmt":"2025-12-06T13:21:19","guid":{"rendered":"https:\/\/hotel-falken.com\/audi-fis-ski-world-cup\/"},"modified":"2025-12-06T14:23:55","modified_gmt":"2025-12-06T13:23:55","slug":"audi-fis-ski-world-cup","status":"publish","type":"post","link":"https:\/\/hotel-falken.com\/it\/audi-fis-ski-world-cup\/","title":{"rendered":"Audi Fis Ski World Cup"},"content":{"rendered":"\t\t<div data-elementor-type=\"wp-post\" data-elementor-id=\"11205\" class=\"elementor elementor-11205 elementor-11197\" data-elementor-post-type=\"post\">\n\t\t\t\t\t\t<section class=\"elementor-section elementor-top-section elementor-element elementor-element-930a377 elementor-section-boxed elementor-section-height-default elementor-section-height-default qodef-elementor-content-no\" data-id=\"930a377\" data-element_type=\"section\">\n\t\t\t\t\t\t<div class=\"elementor-container elementor-column-gap-default\">\n\t\t\t\t\t<div class=\"elementor-column elementor-col-100 elementor-top-column elementor-element elementor-element-c2a1277\" data-id=\"c2a1277\" data-element_type=\"column\">\n\t\t\t<div class=\"elementor-widget-wrap elementor-element-populated\">\n\t\t\t\t\t\t<div class=\"elementor-element elementor-element-16eea751 elementor-widget__width-initial elementor-widget elementor-widget-text-editor\" data-id=\"16eea751\" data-element_type=\"widget\" data-widget_type=\"text-editor.default\">\n\t\t\t\t<div class=\"elementor-widget-container\">\n\t\t\t\t\t\t\t\t\t<p>Anche quest&#8217;anno il Plan de Corones ha l&#8217;onore di ospitare uno slalom gigante femminile:<\/p><p><strong>Il 20 gennaio 2026, la gara dell&#8217; Audi FIS Ski World Cup si svolger\u00e0 sulla pista Erta.<\/strong><\/p><p><br \/>Lo slalom gigante femminile sull&#8217;Erta si \u00e8 ormai affermato come una gara rinomata e non pu\u00f2 pi\u00f9 mancare. La pista Erta \u00e8 piuttosto impressionante &#8211; con una lunghezza di 1.325 m, un dislivello di 405 m e una pendenza massima del 61%, richiede la massima abilit\u00e0 e una grande porzione di coraggio da parte dei partecipanti.<\/p><p><br \/>PROGRAMMA: &#8211; ore 10.30 &#8211; 1. MANCHE SLALOM GIGANTE FEMMINILE &#8211; Pista ERTA S. Vigilio &#8211;<\/p><p>tra le due manche: concerto live &#8211;<\/p><p>ore 13.30 &#8211; 2. MANCHE SLALOM GIGANTE FEMMINILE &#8211; Pista ERTA S. Vigilio &#8211;<\/p><p>ore 14.15 &#8211; Cerimonia di premiazione &#8211; PARTYMILE San Vigilio<\/p><p>\u00a0<\/p>\t\t\t\t\t\t\t\t<\/div>\n\t\t\t\t<\/div>\n\t\t\t\t\t<\/div>\n\t\t<\/div>\n\t\t\t\t\t<\/div>\n\t\t<\/section>\n\t\t\t\t<section class=\"elementor-section elementor-top-section elementor-element elementor-element-ed40ef2 elementor-section-boxed elementor-section-height-default elementor-section-height-default qodef-elementor-content-no\" data-id=\"ed40ef2\" data-element_type=\"section\">\n\t\t\t\t\t\t<div class=\"elementor-container elementor-column-gap-default\">\n\t\t\t\t\t<div class=\"elementor-column elementor-col-100 elementor-top-column elementor-element elementor-element-6d9c329\" data-id=\"6d9c329\" data-element_type=\"column\">\n\t\t\t<div class=\"elementor-widget-wrap\">\n\t\t\t\t\t\t\t<\/div>\n\t\t<\/div>\n\t\t\t\t\t<\/div>\n\t\t<\/section>\n\t\t\t\t<\/div>\n\t\t","protected":false},"excerpt":{"rendered":"<p>Anche quest&#8217;anno il Plan de Corones ha l&#8217;onore di ospitare uno slalom gigante femminile: Il 20 gennaio 2026, la gara dell&#8217; Audi FIS Ski World Cup si svolger\u00e0 sulla pista Erta. Lo slalom gigante femminile sull&#8217;Erta si \u00e8 ormai affermato come una gara rinomata e non pu\u00f2 pi\u00f9 mancare. La pista Erta \u00e8 piuttosto impressionante [&hellip;]<\/p>\n","protected":false},"author":4,"featured_media":11200,"comment_status":"closed","ping_status":"closed","sticky":false,"template":"","format":"standard","meta":{"_acf_changed":false,"footnotes":""},"categories":[170],"tags":[],"class_list":["post-11205","post","type-post","status-publish","format-standard","has-post-thumbnail","hentry","category-veranstaltung-italienisch"],"acf":[],"_links":{"self":[{"href":"https:\/\/hotel-falken.com\/it\/wp-json\/wp\/v2\/posts\/11205","targetHints":{"allow":["GET"]}}],"collection":[{"href":"https:\/\/hotel-falken.com\/it\/wp-json\/wp\/v2\/posts"}],"about":[{"href":"https:\/\/hotel-falken.com\/it\/wp-json\/wp\/v2\/types\/post"}],"author":[{"embeddable":true,"href":"https:\/\/hotel-falken.com\/it\/wp-json\/wp\/v2\/users\/4"}],"replies":[{"embeddable":true,"href":"https:\/\/hotel-falken.com\/it\/wp-json\/wp\/v2\/comments?post=11205"}],"version-history":[{"count":3,"href":"https:\/\/hotel-falken.com\/it\/wp-json\/wp\/v2\/posts\/11205\/revisions"}],"predecessor-version":[{"id":11208,"href":"https:\/\/hotel-falken.com\/it\/wp-json\/wp\/v2\/posts\/11205\/revisions\/11208"}],"wp:featuredmedia":[{"embeddable":true,"href":"https:\/\/hotel-falken.com\/it\/wp-json\/wp\/v2\/media\/11200"}],"wp:attachment":[{"href":"https:\/\/hotel-falken.com\/it\/wp-json\/wp\/v2\/media?parent=11205"}],"wp:term":[{"taxonomy":"category","embeddable":true,"href":"https:\/\/hotel-falken.com\/it\/wp-json\/wp\/v2\/categories?post=11205"},{"taxonomy":"post_tag","embeddable":true,"href":"https:\/\/hotel-falken.com\/it\/wp-json\/wp\/v2\/tags?post=11205"}],"curies":[{"name":"wp","href":"https:\/\/api.w.org\/{rel}","templated":true}]}}